{"id":2171,"date":"2026-01-07T13:00:35","date_gmt":"2026-01-07T12:00:35","guid":{"rendered":"https:\/\/www.soscocu.org\/blog\/?p=2171"},"modified":"2026-02-01T13:06:50","modified_gmt":"2026-02-01T12:06:50","slug":"quand-le-passe-familial-pese-sur-linfidelite","status":"publish","type":"post","link":"https:\/\/www.soscocu.org\/blog\/quand-le-passe-familial-pese-sur-linfidelite\/","title":{"rendered":"Quand le pass\u00e9 familial p\u00e8se sur l\u2019infid\u00e9lit\u00e9"},"content":{"rendered":"\n<h2 class=\"wp-block-heading\">H\u00e9ritages invisibles et blessures r\u00e9p\u00e9t\u00e9es<\/h2>\n\n\n\n<p>L\u2019infid\u00e9lit\u00e9 ne surgit jamais hors sol. <br>Derri\u00e8re les actes, les silences et les ruptures, il existe presque toujours une histoire plus ancienne, parfois enfouie, souvent ignor\u00e9e, celle du passif affectif et familial.<\/p>\n\n\n\n<p class=\"has-primary-color has-text-color has-link-color wp-elements-7be167574bf47a6fdfe0e68fd9422d4f\">\u00c0 travers les \u00e9changes du forum  et notamment le topic consacr\u00e9 au <a href=\"https:\/\/www.soscocu.org\/viewtopic.php?t=3729\">poids du passif<\/a>, une r\u00e9alit\u00e9 s\u2019impose avec constance : les relations adultes sont travers\u00e9es par des h\u00e9ritages \u00e9motionnels que l\u2019on n\u2019a pas choisis, mais que l\u2019on porte.<\/p>\n\n\n\n<p>Cet article propose une lecture institutionnelle de cette probl\u00e9matique, \u00e9clairer sans juger, comprendre sans excuser, accompagner sans enfermer.<\/p>\n\n\n\n<h5 class=\"wp-block-heading\">Le passif familial : une donn\u00e9e structurante de la vie affective<\/h5>\n\n\n\n<p>Le pass\u00e9 familial n\u2019est pas un simple souvenir.<br>Il constitue un cadre de r\u00e9f\u00e9rence inconscient, \u00e0 partir duquel se construisent les repr\u00e9sentations de l\u2019amour, de la fid\u00e9lit\u00e9, du mensonge et de la loyaut\u00e9.<\/p>\n\n\n\n<p>Lorsque l\u2019enfant grandit dans un environnement marqu\u00e9 par :<\/p>\n\n\n\n<ul class=\"wp-block-list\">\n<li>l\u2019infid\u00e9lit\u00e9 r\u00e9p\u00e9t\u00e9e,<\/li>\n\n\n\n<li>le secret,<\/li>\n\n\n\n<li>le double discours,<\/li>\n\n\n\n<li>ou la banalisation de la trahison,<\/li>\n<\/ul>\n\n\n\n<p>il int\u00e8gre des normes implicites qui influenceront durablement ses relations adultes.<\/p>\n\n\n\n<p class=\"has-primary-color has-text-color has-link-color wp-elements-5a935f26bb02c1ea2de1291df62f2129\">Ce constat, largement partag\u00e9 par les t\u00e9moignages du forum, invite \u00e0 d\u00e9passer une vision strictement morale de l\u2019infid\u00e9lit\u00e9 pour y int\u00e9grer une <a href=\"https:\/\/www.soscocu.org\/blog\/category\/comprendre-linfidelite\/\">dimension transg\u00e9n\u00e9rationnelle et psychologique<\/a>.<\/p>\n\n\n\n<h5 class=\"wp-block-heading\">Les non-dits : une transmission silencieuse mais active<\/h5>\n\n\n\n<p class=\"has-primary-color has-text-color has-link-color wp-elements-73cc943d437254c6fddb72a618ff2850\">Un point revient avec force dans les \u00e9changes : le r\u00f4le destructeur des <a href=\"https:\/\/www.soscocu.org\/blog\/lecture-interrogative-quand-le-doute-sinstalle\/\">non-dits<\/a>. L\u2019enfant n\u2019est jamais dupe. M\u00eame lorsqu\u2019aucune parole n\u2019est pos\u00e9e, il per\u00e7oit les tensions, les absences, les incoh\u00e9rences. Ce qui n\u2019est pas nomm\u00e9 ne dispara\u00eet pas : cela s\u2019imprime.<\/p>\n\n\n\n<p>\u00c0 l\u2019\u00e2ge adulte, ces non-dits peuvent se traduire par :<\/p>\n\n\n\n<ul class=\"wp-block-list\">\n<li>une ins\u00e9curit\u00e9 affective chronique,<\/li>\n\n\n\n<li>une difficult\u00e9 \u00e0 faire confiance,<\/li>\n\n\n\n<li>une vigilance excessive,<\/li>\n\n\n\n<li>ou, \u00e0 l\u2019inverse, une mise \u00e0 distance \u00e9motionnelle.<\/li>\n<\/ul>\n\n\n\n<p>Dans certains cas, l\u2019infid\u00e9lit\u00e9 devient un sympt\u00f4me : non pas une volont\u00e9 de nuire, mais une tentative souvent inconsciente de composer avec un malaise ancien.<\/p>\n\n\n\n<h5 class=\"wp-block-heading\">R\u00e9p\u00e9tition des sch\u00e9mas : comprendre sans d\u00e9responsabiliser<\/h5>\n\n\n\n<p class=\"has-primary-color has-text-color has-link-color wp-elements-4173c0df9e8810c225a73ab36a4a9f96\">Les \u00e9changes du forum montrent une <a href=\"https:\/\/www.soscocu.org\/blog\/lecture-lucide-quand-les-signes-saccumulent\/\">interrogation r\u00e9currente<\/a> :<br><em>Sommes-nous condamn\u00e9s \u00e0 reproduire ce que nous avons connu ?<\/em><\/p>\n\n\n\n<p class=\"has-primary-color has-text-color has-link-color wp-elements-86804248ff4fdc90d6555f30450204b3\">La r\u00e9ponse est nuanc\u00e9e. Les sch\u00e9mas familiaux influencent, mais ils ne d\u00e9terminent pas m\u00e9caniquement les comportements. En revanche, ils agissent tant qu\u2019ils ne sont pas <a href=\"https:\/\/www.soscocu.org\/blog\/adulthemes-maux-a-mots\/\">identifi\u00e9s<\/a>.<\/p>\n\n\n\n<p>Comprendre un passif n\u2019a jamais pour vocation de justifier une trahison. Mais refuser de le regarder emp\u00eache toute transformation durable.<\/p>\n\n\n\n<h5 class=\"wp-block-heading\">Du constat \u00e0 la responsabilit\u00e9 : sortir de l\u2019h\u00e9ritage subi<\/h5>\n\n\n\n<p>Reconna\u00eetre le poids du passif, c\u2019est ouvrir la voie \u00e0 une responsabilit\u00e9 nouvelle.<br>Celle de ne pas transmettre, \u00e0 son tour, ce qui a bless\u00e9.<\/p>\n\n\n\n<p>Les t\u00e9moignages montrent que cette prise de conscience peut \u00eatre douloureuse, mais qu\u2019elle constitue souvent un point de bascule :<\/p>\n\n\n\n<ul class=\"wp-block-list\">\n<li>vers un accompagnement psychologique,<\/li>\n\n\n\n<li>vers un dialogue plus honn\u00eate,<\/li>\n\n\n\n<li class=\"has-primary-color has-text-color has-link-color wp-elements-c915c7915bff15a0a7ff80ad83f3e8d9\">ou vers une <a href=\"https:\/\/www.soscocu.org\/blog\/reconstruire-apres-une-trahison\/\">reconstruction personnelle<\/a>, seul ou en couple.<\/li>\n<\/ul>\n\n\n\n<p>Il n&rsquo;est nullement question de d\u00e9signer des coupables, mais de redonner aux individus la capacit\u00e9 de comprendre leur histoire pour ne plus en \u00eatre prisonniers.<\/p>\n\n\n\n<h5 class=\"wp-block-heading\">Sortir des r\u00e9p\u00e9titions<\/h5>\n\n\n\n<p>Le <em>poids du passif<\/em> n\u2019est ni une excuse ni une fatalit\u00e9.<br>Il est une r\u00e9alit\u00e9 humaine, souvent invisible, qui traverse les histoires de couple et \u00e9claire de nombreux parcours marqu\u00e9s par l\u2019infid\u00e9lit\u00e9.<\/p>\n\n\n\n<p class=\"has-primary-color has-text-color has-link-color wp-elements-51a252d9ec3d94d1c905d0e95472be2b\">En donnant la parole aux victimes, en analysant les m\u00e9canismes \u00e0 l\u2019\u0153uvre, cela permet de comprendre pour ne plus <a href=\"https:\/\/www.soscocu.org\/blog\/quest-ce-que-la-cocuphobie\/\">subir<\/a>, nommer pour ne plus r\u00e9p\u00e9ter, accompagner pour reconstruire.<\/p>\n\n\n\n<p class=\"has-primary-color has-text-color has-link-color wp-elements-90678daf273fac786f40ed3eec3af688\"><strong>Note \u00e9ditoriale<\/strong> : <em>ce texte a b\u00e9n\u00e9fici\u00e9 d\u2019une <a href=\"https:\/\/www.soscocu.org\/blog\/charte-editoriale\/\">relecture assist\u00e9e<\/a> afin d\u2019am\u00e9liorer sa lisibilit\u00e9, sans alt\u00e9rer le sens ni la port\u00e9e des t\u00e9moignages \u00e9voqu\u00e9s. \u00a9 SOS cocu, 2005 \u2013 2026. Diffusion libre avec mention de la source.<\/em><\/p>\n\n\n\n<p><\/p>\n","protected":false},"excerpt":{"rendered":"<p>H\u00e9ritages invisibles et blessures r\u00e9p\u00e9t\u00e9es L\u2019infid\u00e9lit\u00e9 ne surgit jamais hors sol. Derri\u00e8re les actes, les silences et les ruptures, il existe presque toujours une histoire plus ancienne, parfois enfouie, souvent ignor\u00e9e, celle du passif affectif et familial. \u00c0 travers les \u00e9changes du forum et notamment le topic consacr\u00e9 au poids du passif, une r\u00e9alit\u00e9 s\u2019impose [&hellip;]<\/p>\n","protected":false},"author":1,"featured_media":2173,"comment_status":"open","ping_status":"closed","sticky":false,"template":"","format":"standard","meta":{"footnotes":""},"categories":[143],"tags":[46,39],"class_list":["post-2171","post","type-post","status-publish","format-standard","has-post-thumbnail","hentry","category-adulthemes","tag-adultere-et-consequences-psychologiques","tag-analyser-la-situation"],"yoast_head":"<!-- This site is optimized with the Yoast SEO plugin v27.5 - https:\/\/yoast.com\/product\/yoast-seo-wordpress\/ -->\n<title>Quand le pass\u00e9 familial p\u00e8se sur l\u2019infid\u00e9lit\u00e9 - SOS cocu<\/title>\n<meta name=\"description\" content=\"Le pass\u00e9 familial influence-t-il l\u2019infid\u00e9lit\u00e9 ? Analyse psychologique et soci\u00e9tale du poids du passif affectif\" \/>\n<meta name=\"robots\" content=\"index, follow, max-snippet:-1, max-image-preview:large, max-video-preview:-1\" \/>\n<link rel=\"canonical\" href=\"https:\/\/www.soscocu.org\/blog\/quand-le-passe-familial-pese-sur-linfidelite\/\" \/>\n<meta property=\"og:locale\" content=\"fr_FR\" \/>\n<meta property=\"og:type\" content=\"article\" \/>\n<meta property=\"og:title\" content=\"Quand le pass\u00e9 familial p\u00e8se sur l\u2019infid\u00e9lit\u00e9 - SOS cocu\" \/>\n<meta property=\"og:description\" content=\"Le pass\u00e9 familial influence-t-il l\u2019infid\u00e9lit\u00e9 ? Analyse psychologique et soci\u00e9tale du poids du passif affectif\" \/>\n<meta property=\"og:url\" content=\"https:\/\/www.soscocu.org\/blog\/quand-le-passe-familial-pese-sur-linfidelite\/\" \/>\n<meta property=\"og:site_name\" content=\"SOS cocu\" \/>\n<meta property=\"article:published_time\" content=\"2026-01-07T12:00:35+00:00\" \/>\n<meta property=\"article:modified_time\" content=\"2026-02-01T12:06:50+00:00\" \/>\n<meta property=\"og:image\" content=\"https:\/\/www.soscocu.org\/blog\/wp-content\/uploads\/2026\/01\/passif-familial.jpg\" \/>\n\t<meta property=\"og:image:width\" content=\"1536\" \/>\n\t<meta property=\"og:image:height\" content=\"1024\" \/>\n\t<meta property=\"og:image:type\" content=\"image\/jpeg\" \/>\n<meta name=\"author\" content=\"SOScocu\" \/>\n<meta name=\"twitter:card\" content=\"summary_large_image\" \/>\n<meta name=\"twitter:creator\" content=\"@soscocu\" \/>\n<meta name=\"twitter:site\" content=\"@soscocu\" \/>\n<meta name=\"twitter:label1\" content=\"\u00c9crit par\" \/>\n\t<meta name=\"twitter:data1\" content=\"SOScocu\" \/>\n\t<meta name=\"twitter:label2\" content=\"Dur\u00e9e de lecture estim\u00e9e\" \/>\n\t<meta name=\"twitter:data2\" content=\"6 minutes\" \/>\n<script type=\"application\/ld+json\" class=\"yoast-schema-graph\">{\"@context\":\"https:\\\/\\\/schema.org\",\"@graph\":[{\"@type\":\"Article\",\"@id\":\"https:\\\/\\\/www.soscocu.org\\\/blog\\\/quand-le-passe-familial-pese-sur-linfidelite\\\/#article\",\"isPartOf\":{\"@id\":\"https:\\\/\\\/www.soscocu.org\\\/blog\\\/quand-le-passe-familial-pese-sur-linfidelite\\\/\"},\"author\":{\"name\":\"SOScocu\",\"@id\":\"https:\\\/\\\/www.soscocu.org\\\/blog\\\/#\\\/schema\\\/person\\\/cbdcb2425a33f14f674355ff0ba4a854\"},\"headline\":\"Quand le pass\u00e9 familial p\u00e8se sur l\u2019infid\u00e9lit\u00e9\",\"datePublished\":\"2026-01-07T12:00:35+00:00\",\"dateModified\":\"2026-02-01T12:06:50+00:00\",\"mainEntityOfPage\":{\"@id\":\"https:\\\/\\\/www.soscocu.org\\\/blog\\\/quand-le-passe-familial-pese-sur-linfidelite\\\/\"},\"wordCount\":610,\"commentCount\":0,\"publisher\":{\"@id\":\"https:\\\/\\\/www.soscocu.org\\\/blog\\\/#organization\"},\"image\":{\"@id\":\"https:\\\/\\\/www.soscocu.org\\\/blog\\\/quand-le-passe-familial-pese-sur-linfidelite\\\/#primaryimage\"},\"thumbnailUrl\":\"https:\\\/\\\/www.soscocu.org\\\/blog\\\/wp-content\\\/uploads\\\/2026\\\/01\\\/passif-familial.jpg\",\"keywords\":[\"Adult\u00e8re et cons\u00e9quences psychologiques\",\"Analyser la situation\"],\"articleSection\":[\"Adulth\u00e8mes\"],\"inLanguage\":\"fr-FR\",\"potentialAction\":[{\"@type\":\"CommentAction\",\"name\":\"Comment\",\"target\":[\"https:\\\/\\\/www.soscocu.org\\\/blog\\\/quand-le-passe-familial-pese-sur-linfidelite\\\/#respond\"]}]},{\"@type\":\"WebPage\",\"@id\":\"https:\\\/\\\/www.soscocu.org\\\/blog\\\/quand-le-passe-familial-pese-sur-linfidelite\\\/\",\"url\":\"https:\\\/\\\/www.soscocu.org\\\/blog\\\/quand-le-passe-familial-pese-sur-linfidelite\\\/\",\"name\":\"Quand le pass\u00e9 familial p\u00e8se sur l\u2019infid\u00e9lit\u00e9 - SOS cocu\",\"isPartOf\":{\"@id\":\"https:\\\/\\\/www.soscocu.org\\\/blog\\\/#website\"},\"primaryImageOfPage\":{\"@id\":\"https:\\\/\\\/www.soscocu.org\\\/blog\\\/quand-le-passe-familial-pese-sur-linfidelite\\\/#primaryimage\"},\"image\":{\"@id\":\"https:\\\/\\\/www.soscocu.org\\\/blog\\\/quand-le-passe-familial-pese-sur-linfidelite\\\/#primaryimage\"},\"thumbnailUrl\":\"https:\\\/\\\/www.soscocu.org\\\/blog\\\/wp-content\\\/uploads\\\/2026\\\/01\\\/passif-familial.jpg\",\"datePublished\":\"2026-01-07T12:00:35+00:00\",\"dateModified\":\"2026-02-01T12:06:50+00:00\",\"description\":\"Le pass\u00e9 familial influence-t-il l\u2019infid\u00e9lit\u00e9 ? Analyse psychologique et soci\u00e9tale du poids du passif affectif\",\"breadcrumb\":{\"@id\":\"https:\\\/\\\/www.soscocu.org\\\/blog\\\/quand-le-passe-familial-pese-sur-linfidelite\\\/#breadcrumb\"},\"inLanguage\":\"fr-FR\",\"potentialAction\":[{\"@type\":\"ReadAction\",\"target\":[\"https:\\\/\\\/www.soscocu.org\\\/blog\\\/quand-le-passe-familial-pese-sur-linfidelite\\\/\"]}]},{\"@type\":\"ImageObject\",\"inLanguage\":\"fr-FR\",\"@id\":\"https:\\\/\\\/www.soscocu.org\\\/blog\\\/quand-le-passe-familial-pese-sur-linfidelite\\\/#primaryimage\",\"url\":\"https:\\\/\\\/www.soscocu.org\\\/blog\\\/wp-content\\\/uploads\\\/2026\\\/01\\\/passif-familial.jpg\",\"contentUrl\":\"https:\\\/\\\/www.soscocu.org\\\/blog\\\/wp-content\\\/uploads\\\/2026\\\/01\\\/passif-familial.jpg\",\"width\":1536,\"height\":1024,\"caption\":\"Balance symbolique repr\u00e9sentant le poids de l\u2019h\u00e9ritage familial dans les relations de couple\"},{\"@type\":\"BreadcrumbList\",\"@id\":\"https:\\\/\\\/www.soscocu.org\\\/blog\\\/quand-le-passe-familial-pese-sur-linfidelite\\\/#breadcrumb\",\"itemListElement\":[{\"@type\":\"ListItem\",\"position\":1,\"name\":\"Accueil\",\"item\":\"https:\\\/\\\/www.soscocu.org\\\/blog\\\/\"},{\"@type\":\"ListItem\",\"position\":2,\"name\":\"Quand le pass\u00e9 familial p\u00e8se sur l\u2019infid\u00e9lit\u00e9\"}]},{\"@type\":\"WebSite\",\"@id\":\"https:\\\/\\\/www.soscocu.org\\\/blog\\\/#website\",\"url\":\"https:\\\/\\\/www.soscocu.org\\\/blog\\\/\",\"name\":\"SOS cocu\",\"description\":\"SOS cocu est une association loi 1901 dont l&#039;objet est le soutien aux victimes d&#039;adult\u00e8re\",\"publisher\":{\"@id\":\"https:\\\/\\\/www.soscocu.org\\\/blog\\\/#organization\"},\"potentialAction\":[{\"@type\":\"SearchAction\",\"target\":{\"@type\":\"EntryPoint\",\"urlTemplate\":\"https:\\\/\\\/www.soscocu.org\\\/blog\\\/?s={search_term_string}\"},\"query-input\":{\"@type\":\"PropertyValueSpecification\",\"valueRequired\":true,\"valueName\":\"search_term_string\"}}],\"inLanguage\":\"fr-FR\"},{\"@type\":\"Organization\",\"@id\":\"https:\\\/\\\/www.soscocu.org\\\/blog\\\/#organization\",\"name\":\"SOS cocu\",\"url\":\"https:\\\/\\\/www.soscocu.org\\\/blog\\\/\",\"logo\":{\"@type\":\"ImageObject\",\"inLanguage\":\"fr-FR\",\"@id\":\"https:\\\/\\\/www.soscocu.org\\\/blog\\\/#\\\/schema\\\/logo\\\/image\\\/\",\"url\":\"https:\\\/\\\/www.soscocu.org\\\/blog\\\/wp-content\\\/uploads\\\/2025\\\/11\\\/logo-152x152-1.png\",\"contentUrl\":\"https:\\\/\\\/www.soscocu.org\\\/blog\\\/wp-content\\\/uploads\\\/2025\\\/11\\\/logo-152x152-1.png\",\"width\":152,\"height\":152,\"caption\":\"SOS cocu\"},\"image\":{\"@id\":\"https:\\\/\\\/www.soscocu.org\\\/blog\\\/#\\\/schema\\\/logo\\\/image\\\/\"},\"sameAs\":[\"https:\\\/\\\/x.com\\\/soscocu\"]},{\"@type\":\"Person\",\"@id\":\"https:\\\/\\\/www.soscocu.org\\\/blog\\\/#\\\/schema\\\/person\\\/cbdcb2425a33f14f674355ff0ba4a854\",\"name\":\"SOScocu\",\"image\":{\"@type\":\"ImageObject\",\"inLanguage\":\"fr-FR\",\"@id\":\"https:\\\/\\\/secure.gravatar.com\\\/avatar\\\/b6bd0b64e9ac75f08972e83d5034e6a1d930d6fbf8d7db62c08c7ed92577bbe5?s=96&d=mm&r=g\",\"url\":\"https:\\\/\\\/secure.gravatar.com\\\/avatar\\\/b6bd0b64e9ac75f08972e83d5034e6a1d930d6fbf8d7db62c08c7ed92577bbe5?s=96&d=mm&r=g\",\"contentUrl\":\"https:\\\/\\\/secure.gravatar.com\\\/avatar\\\/b6bd0b64e9ac75f08972e83d5034e6a1d930d6fbf8d7db62c08c7ed92577bbe5?s=96&d=mm&r=g\",\"caption\":\"SOScocu\"},\"sameAs\":[\"https:\\\/\\\/www.soscocu.org\\\/blog\",\"https:\\\/\\\/x.com\\\/soscocu\"],\"url\":\"https:\\\/\\\/www.soscocu.org\\\/blog\\\/author\\\/soscocu\\\/\"}]}<\/script>\n<!-- \/ Yoast SEO plugin. -->","yoast_head_json":{"title":"Quand le pass\u00e9 familial p\u00e8se sur l\u2019infid\u00e9lit\u00e9 - SOS cocu","description":"Le pass\u00e9 familial influence-t-il l\u2019infid\u00e9lit\u00e9 ? Analyse psychologique et soci\u00e9tale du poids du passif affectif","robots":{"index":"index","follow":"follow","max-snippet":"max-snippet:-1","max-image-preview":"max-image-preview:large","max-video-preview":"max-video-preview:-1"},"canonical":"https:\/\/www.soscocu.org\/blog\/quand-le-passe-familial-pese-sur-linfidelite\/","og_locale":"fr_FR","og_type":"article","og_title":"Quand le pass\u00e9 familial p\u00e8se sur l\u2019infid\u00e9lit\u00e9 - SOS cocu","og_description":"Le pass\u00e9 familial influence-t-il l\u2019infid\u00e9lit\u00e9 ? Analyse psychologique et soci\u00e9tale du poids du passif affectif","og_url":"https:\/\/www.soscocu.org\/blog\/quand-le-passe-familial-pese-sur-linfidelite\/","og_site_name":"SOS cocu","article_published_time":"2026-01-07T12:00:35+00:00","article_modified_time":"2026-02-01T12:06:50+00:00","og_image":[{"width":1536,"height":1024,"url":"https:\/\/www.soscocu.org\/blog\/wp-content\/uploads\/2026\/01\/passif-familial.jpg","type":"image\/jpeg"}],"author":"SOScocu","twitter_card":"summary_large_image","twitter_creator":"@soscocu","twitter_site":"@soscocu","twitter_misc":{"\u00c9crit par":"SOScocu","Dur\u00e9e de lecture estim\u00e9e":"6 minutes"},"schema":{"@context":"https:\/\/schema.org","@graph":[{"@type":"Article","@id":"https:\/\/www.soscocu.org\/blog\/quand-le-passe-familial-pese-sur-linfidelite\/#article","isPartOf":{"@id":"https:\/\/www.soscocu.org\/blog\/quand-le-passe-familial-pese-sur-linfidelite\/"},"author":{"name":"SOScocu","@id":"https:\/\/www.soscocu.org\/blog\/#\/schema\/person\/cbdcb2425a33f14f674355ff0ba4a854"},"headline":"Quand le pass\u00e9 familial p\u00e8se sur l\u2019infid\u00e9lit\u00e9","datePublished":"2026-01-07T12:00:35+00:00","dateModified":"2026-02-01T12:06:50+00:00","mainEntityOfPage":{"@id":"https:\/\/www.soscocu.org\/blog\/quand-le-passe-familial-pese-sur-linfidelite\/"},"wordCount":610,"commentCount":0,"publisher":{"@id":"https:\/\/www.soscocu.org\/blog\/#organization"},"image":{"@id":"https:\/\/www.soscocu.org\/blog\/quand-le-passe-familial-pese-sur-linfidelite\/#primaryimage"},"thumbnailUrl":"https:\/\/www.soscocu.org\/blog\/wp-content\/uploads\/2026\/01\/passif-familial.jpg","keywords":["Adult\u00e8re et cons\u00e9quences psychologiques","Analyser la situation"],"articleSection":["Adulth\u00e8mes"],"inLanguage":"fr-FR","potentialAction":[{"@type":"CommentAction","name":"Comment","target":["https:\/\/www.soscocu.org\/blog\/quand-le-passe-familial-pese-sur-linfidelite\/#respond"]}]},{"@type":"WebPage","@id":"https:\/\/www.soscocu.org\/blog\/quand-le-passe-familial-pese-sur-linfidelite\/","url":"https:\/\/www.soscocu.org\/blog\/quand-le-passe-familial-pese-sur-linfidelite\/","name":"Quand le pass\u00e9 familial p\u00e8se sur l\u2019infid\u00e9lit\u00e9 - SOS cocu","isPartOf":{"@id":"https:\/\/www.soscocu.org\/blog\/#website"},"primaryImageOfPage":{"@id":"https:\/\/www.soscocu.org\/blog\/quand-le-passe-familial-pese-sur-linfidelite\/#primaryimage"},"image":{"@id":"https:\/\/www.soscocu.org\/blog\/quand-le-passe-familial-pese-sur-linfidelite\/#primaryimage"},"thumbnailUrl":"https:\/\/www.soscocu.org\/blog\/wp-content\/uploads\/2026\/01\/passif-familial.jpg","datePublished":"2026-01-07T12:00:35+00:00","dateModified":"2026-02-01T12:06:50+00:00","description":"Le pass\u00e9 familial influence-t-il l\u2019infid\u00e9lit\u00e9 ? Analyse psychologique et soci\u00e9tale du poids du passif affectif","breadcrumb":{"@id":"https:\/\/www.soscocu.org\/blog\/quand-le-passe-familial-pese-sur-linfidelite\/#breadcrumb"},"inLanguage":"fr-FR","potentialAction":[{"@type":"ReadAction","target":["https:\/\/www.soscocu.org\/blog\/quand-le-passe-familial-pese-sur-linfidelite\/"]}]},{"@type":"ImageObject","inLanguage":"fr-FR","@id":"https:\/\/www.soscocu.org\/blog\/quand-le-passe-familial-pese-sur-linfidelite\/#primaryimage","url":"https:\/\/www.soscocu.org\/blog\/wp-content\/uploads\/2026\/01\/passif-familial.jpg","contentUrl":"https:\/\/www.soscocu.org\/blog\/wp-content\/uploads\/2026\/01\/passif-familial.jpg","width":1536,"height":1024,"caption":"Balance symbolique repr\u00e9sentant le poids de l\u2019h\u00e9ritage familial dans les relations de couple"},{"@type":"BreadcrumbList","@id":"https:\/\/www.soscocu.org\/blog\/quand-le-passe-familial-pese-sur-linfidelite\/#breadcrumb","itemListElement":[{"@type":"ListItem","position":1,"name":"Accueil","item":"https:\/\/www.soscocu.org\/blog\/"},{"@type":"ListItem","position":2,"name":"Quand le pass\u00e9 familial p\u00e8se sur l\u2019infid\u00e9lit\u00e9"}]},{"@type":"WebSite","@id":"https:\/\/www.soscocu.org\/blog\/#website","url":"https:\/\/www.soscocu.org\/blog\/","name":"SOS cocu","description":"SOS cocu est une association loi 1901 dont l&#039;objet est le soutien aux victimes d&#039;adult\u00e8re","publisher":{"@id":"https:\/\/www.soscocu.org\/blog\/#organization"},"potentialAction":[{"@type":"SearchAction","target":{"@type":"EntryPoint","urlTemplate":"https:\/\/www.soscocu.org\/blog\/?s={search_term_string}"},"query-input":{"@type":"PropertyValueSpecification","valueRequired":true,"valueName":"search_term_string"}}],"inLanguage":"fr-FR"},{"@type":"Organization","@id":"https:\/\/www.soscocu.org\/blog\/#organization","name":"SOS cocu","url":"https:\/\/www.soscocu.org\/blog\/","logo":{"@type":"ImageObject","inLanguage":"fr-FR","@id":"https:\/\/www.soscocu.org\/blog\/#\/schema\/logo\/image\/","url":"https:\/\/www.soscocu.org\/blog\/wp-content\/uploads\/2025\/11\/logo-152x152-1.png","contentUrl":"https:\/\/www.soscocu.org\/blog\/wp-content\/uploads\/2025\/11\/logo-152x152-1.png","width":152,"height":152,"caption":"SOS cocu"},"image":{"@id":"https:\/\/www.soscocu.org\/blog\/#\/schema\/logo\/image\/"},"sameAs":["https:\/\/x.com\/soscocu"]},{"@type":"Person","@id":"https:\/\/www.soscocu.org\/blog\/#\/schema\/person\/cbdcb2425a33f14f674355ff0ba4a854","name":"SOScocu","image":{"@type":"ImageObject","inLanguage":"fr-FR","@id":"https:\/\/secure.gravatar.com\/avatar\/b6bd0b64e9ac75f08972e83d5034e6a1d930d6fbf8d7db62c08c7ed92577bbe5?s=96&d=mm&r=g","url":"https:\/\/secure.gravatar.com\/avatar\/b6bd0b64e9ac75f08972e83d5034e6a1d930d6fbf8d7db62c08c7ed92577bbe5?s=96&d=mm&r=g","contentUrl":"https:\/\/secure.gravatar.com\/avatar\/b6bd0b64e9ac75f08972e83d5034e6a1d930d6fbf8d7db62c08c7ed92577bbe5?s=96&d=mm&r=g","caption":"SOScocu"},"sameAs":["https:\/\/www.soscocu.org\/blog","https:\/\/x.com\/soscocu"],"url":"https:\/\/www.soscocu.org\/blog\/author\/soscocu\/"}]}},"_links":{"self":[{"href":"https:\/\/www.soscocu.org\/blog\/wp-json\/wp\/v2\/posts\/2171","targetHints":{"allow":["GET"]}}],"collection":[{"href":"https:\/\/www.soscocu.org\/blog\/wp-json\/wp\/v2\/posts"}],"about":[{"href":"https:\/\/www.soscocu.org\/blog\/wp-json\/wp\/v2\/types\/post"}],"author":[{"embeddable":true,"href":"https:\/\/www.soscocu.org\/blog\/wp-json\/wp\/v2\/users\/1"}],"replies":[{"embeddable":true,"href":"https:\/\/www.soscocu.org\/blog\/wp-json\/wp\/v2\/comments?post=2171"}],"version-history":[{"count":2,"href":"https:\/\/www.soscocu.org\/blog\/wp-json\/wp\/v2\/posts\/2171\/revisions"}],"predecessor-version":[{"id":2186,"href":"https:\/\/www.soscocu.org\/blog\/wp-json\/wp\/v2\/posts\/2171\/revisions\/2186"}],"wp:featuredmedia":[{"embeddable":true,"href":"https:\/\/www.soscocu.org\/blog\/wp-json\/wp\/v2\/media\/2173"}],"wp:attachment":[{"href":"https:\/\/www.soscocu.org\/blog\/wp-json\/wp\/v2\/media?parent=2171"}],"wp:term":[{"taxonomy":"category","embeddable":true,"href":"https:\/\/www.soscocu.org\/blog\/wp-json\/wp\/v2\/categories?post=2171"},{"taxonomy":"post_tag","embeddable":true,"href":"https:\/\/www.soscocu.org\/blog\/wp-json\/wp\/v2\/tags?post=2171"}],"curies":[{"name":"wp","href":"https:\/\/api.w.org\/{rel}","templated":true}]}}